{"id":2436,"date":"2021-09-08T14:14:00","date_gmt":"2021-09-08T21:14:00","guid":{"rendered":"https:\/\/transforminghighschool.org\/article\/padres-15-how-schools-can-help-overloaded-teens\/"},"modified":"2022-03-12T11:43:45","modified_gmt":"2022-03-12T19:43:45","slug":"a-que-se-debe-la-preocupacion-de-las-escuelas-por-la-teoria-critica-de-la-raza","status":"publish","type":"article","link":"https:\/\/transforminghighschool.org\/es\/article\/a-que-se-debe-la-preocupacion-de-las-escuelas-por-la-teoria-critica-de-la-raza\/","title":{"rendered":"\u00bfA qu\u00e9 se debe la preocupaci\u00f3n de las escuelas por la teor\u00eda cr\u00edtica de la raza?"},"content":{"rendered":"\t\t<div data-elementor-type=\"wp-post\" data-elementor-id=\"2436\" class=\"elementor elementor-2436 elementor-2405\">\n\t\t\t\t\t\t<section class=\"elementor-section elementor-top-section elementor-element elementor-element-86c4a9b elementor-section-boxed elementor-section-height-default elementor-section-height-default\" data-id=\"86c4a9b\" data-element_type=\"section\" data-e-type=\"section\">\n\t\t\t\t\t\t<div class=\"elementor-container elementor-column-gap-default\">\n\t\t\t\t\t<div class=\"elementor-column elementor-col-100 elementor-top-column elementor-element elementor-element-5e5d474\" data-id=\"5e5d474\" data-element_type=\"column\" data-e-type=\"column\">\n\t\t\t<div class=\"elementor-widget-wrap elementor-element-populated\">\n\t\t\t\t\t\t<div class=\"elementor-element elementor-element-d563221 elementor-widget elementor-widget-text-editor\" data-id=\"d563221\" data-element_type=\"widget\" data-e-type=\"widget\" data-widget_type=\"text-editor.default\">\n\t\t\t\t<div class=\"elementor-widget-container\">\n\t\t\t\t\t\t\t\t\t<p>Tras el asesinato de George Floyd, a medida que la atenci\u00f3n p\u00fablica se centraba en asuntos relacionados a la raza y al racismo, muchas escuelas comenzaron a dar clases sobre la raza y el racismo. Algunos estadounidenses han pensado err\u00f3neamente que estas clases tienen el objetivo de culpar y castigar a los estudiantes blancos. Culpan a la teor\u00eda cr\u00edtica de la raza. Es importante aclarar que la teor\u00eda cr\u00edtica de la raza no es un componente del curr\u00edculo estadounidense durante la escuela primaria y secundaria. De hecho, es un conjunto complejo de ideas que suele ense\u00f1arse en las escuelas de postgrado. Desafortunadamente, la teor\u00eda cr\u00edtica de la raza err\u00f3neamente se considera igual a cualquier lecci\u00f3n que aborde la raza o el racismo.<\/p><h2>\u00bfQu\u00e9 es la teor\u00eda cr\u00edtica de la raza?<\/h2><p>Aunque los expertos coinciden en que nuestras escuelas, desde primaria hasta secundaria, no ense\u00f1an la teor\u00eda cr\u00edtica de la raza, sus ideas subyacentes han influenciado la opini\u00f3n actual sobre la raza, as\u00ed que vale la pena entenderlas. <a href=\"https:\/\/www.nytimes.com\/article\/what-is-critical-race-theory.html\">La teor\u00eda cr\u00edtica de la raza<\/a> (enlace en ingl\u00e9s) fue creada para ayudar a explicar la forma en que nuestras leyes y pol\u00edticas pueden afectar a las personas de distintas razas en diversas formas, incluso cuando dichas leyes o pol\u00edticas no tienen tal intenci\u00f3n. Durante los \u00faltimos 50 a\u00f1os, desde el Movimiento por los Derechos Civiles, se han aprobado numerosas leyes nacionales y estatales que proh\u00edben dar un trato distinto a las personas por motivos raciales. Aunque estas leyes fueron dise\u00f1adas para crear igualdad de condiciones, las desigualdades raciales persisten: con diferencias marcadas en un sinf\u00edn de \u00e1reas, las cuales van desde la propiedad de viviendas hasta los salarios. <a href=\"https:\/\/today.law.harvard.edu\/derrick-bell-1930-2011\/\">Derrick Bell<\/a> (enlace en ingl\u00e9s), profesor de derecho en Harvard, contribuy\u00f3 al desarrollo de la teor\u00eda cr\u00edtica de la raza como una forma de ayudar a los abogados a entender c\u00f3mo la raza puede seguir influyendo en la experiencia de las personas con sus jefes, prestamistas o gobiernos incluso despu\u00e9s de que a dichas instituciones se les haya prohibido tratar de forma distinta a las personas por motivos raciales. Por ejemplo, la teor\u00eda cr\u00edtica de la raza ayud\u00f3 a explicar la forma en que la pol\u00edtica de contrataci\u00f3n de una empresa podr\u00eda ser racialmente neutral tanto en palabra como en naturaleza, pero podr\u00eda contar con componentes que en la pr\u00e1ctica producen discriminaci\u00f3n racial.<\/p><h2>\u00bfCu\u00e1les son las ideas principales de la teor\u00eda cr\u00edtica de la raza?<\/h2><p>Una de las ideas m\u00e1s importantes de la teor\u00eda cr\u00edtica de la <strong>raza es que la raza es algo fabricado por la sociedad<\/strong>. En lugar de ver la raza como algo innato en nuestros genes, la teor\u00eda cr\u00edtica de la raza nos ayuda a entender que la raza no se refiere al color de la piel. En realidad, <a href=\"https:\/\/www.scientificamerican.com\/article\/race-is-a-social-construct-scientists-argue\/\">la raza es un conjunto de ideas o suposiciones<\/a> (enlace en ingl\u00e9s) sobre las personas con base en su color de piel y otros rasgos visibles. Las personas suelen asimilar este tipo de ideas sobre grupos raciales espec\u00edficos a trav\u00e9s de los medios de comunicaci\u00f3n, la familia y las clases de la escuela. Debido a lo mucho que se han generalizado estas suposiciones raciales, es muy dif\u00edcil desechar nuestras ideas preconcebidas sobre la raza. Por ejemplo, se nos ense\u00f1a con frecuencia que los europeos blancos \u201cdescubrieron\u201d Am\u00e9rica y a las comunidades ind\u00edgenas que all\u00ed viv\u00edan desde hace miles de a\u00f1os. Una perspectiva basada en la teor\u00eda cr\u00edtica de la raza cuestionar\u00eda el hecho de analizar esta parte de la historia \u00fanicamente desde el punto de vista de los colonizadores europeos. Alguien que implemente la teor\u00eda cr\u00edtica de la raza intentar\u00eda entender este cap\u00edtulo de la historia desde distintas perspectivas: tanto de las diversas comunidades ind\u00edgenas como de los colonizadores europeos. \u00bfC\u00f3mo cambiar\u00eda esto nuestra comprensi\u00f3n sobre el \u201cdescubrimiento de Am\u00e9rica\u201d? \u00bfCu\u00e1ndo comienza la historia de esta tierra?<\/p><blockquote class=\"et-pullquote left quote\"><p>La importancia de escuchar distintas voces y entender la manera en que los sistemas han perpetuado la desigualdad puede mejorar nuestra forma de abordar la historia estadounidense.<\/p><\/blockquote><p>Sin pensar con mucho detenimiento sobre las comunidades ind\u00edgenas y sus arraigadas historias y civilizaciones, podemos olvidar con facilidad que estas comunidades fueron despojadas de sus tierras y que no eran personas de naturaleza salvaje que merec\u00edan dicho destierro como parte del proceso de \u201ccivilizarlas\u201d. La teor\u00eda cr\u00edtica de la raza tambi\u00e9n nos ayuda a combatir la poderosa idea de que ya no existen los ind\u00edgenas. Esta idea err\u00f3nea contribuye a que las personas <a href=\"https:\/\/www.npr.org\/2021\/07\/23\/1019720103\/cleveland-indians-guardians-name-change-mlb\">promuevan la noci\u00f3n de logos y mascotas deportivas ofensivas inspiradas en los ind\u00edgenas americanos<\/a> (enlace en ingl\u00e9s) como una forma de rendir tributo al legado guerrero de pueblos que desaparecieron hace mucho tiempo. Este es un ejemplo de la forma en que ideas poderosas, pero incorrectas, sobre la raza pueden causar que nos tratemos unos a otros de forma distinta.<\/p><p>Esto puede ocurrir incluso <a href=\"https:\/\/equity.ucla.edu\/know\/implicit-bias\/\">sin que las personas lo hagan de forma deliberada<\/a> (enlace en ingl\u00e9s) o por motivos de odio. Adem\u00e1s, la diferencia en el trato hacia ciertos grupos puede causar que grupos completos de personas experimenten los mismos espacios y lugares de forma muy distinta. Por ejemplo, existe un <a href=\"https:\/\/www.apa.org\/news\/press\/releases\/2014\/03\/black-boys-older\">estudio de investigaci\u00f3n publicado por la Asociaci\u00f3n Estadounidense de Psicolog\u00eda<\/a> (enlace en ingl\u00e9s) que demuestra que los adultos blancos suelen sobrestimar la edad de los ni\u00f1os de color en 4,5 a\u00f1os. Esto puede generar situaciones donde los ni\u00f1os de color son tratados con mayor frecuencia como adultos cuando son abordados por la polic\u00eda o en el juzgado.<\/p><p>A menudo pensamos en el racismo como personas malas que intencionalmente les hacen cosas malas a los dem\u00e1s debido a su raza. La teor\u00eda cr\u00edtica de la raza reconoce el racismo como un sistema de ideas, comportamientos y pol\u00edticas que seguir\u00e1n creando situaciones injustas y desiguales. Si bien muchos de nosotros esperamos que el racismo desaparezca con el tiempo, la teor\u00eda cr\u00edtica de la raza sugiere que el racismo no terminar\u00e1 simplemente eliminando las leyes y pol\u00edticas racistas. Entonces, en lugar de concentrar demasiada energ\u00eda en averiguar qui\u00e9n de nosotros es racista, la teor\u00eda cr\u00edtica de la raza analiza c\u00f3mo funciona el sistema de racismo en diferentes situaciones y qu\u00e9 tenemos que hacer para que desaparezca.<\/p><h2>Entendiendo nuestra historia, pasada y presente<\/h2><p>Otra caracter\u00edstica principal de la teor\u00eda cr\u00edtica de la raza es que no se puede entender del todo nuestra historia sin reconocer <strong>la importancia de las distintas voces; sobre todo aquellas que suelen ser silenciadas o ignoradas<\/strong>. Por ejemplo, cuando los inmigrantes irlandeses llegaron a los Estados Unidos a comienzos del siglo XIX, <a href=\"https:\/\/www.routledge.com\/How-the-Irish-Became-White\/Ignatiev\/p\/book\/9780415963091\">no eran considerados blancos<\/a> (enlace en ingl\u00e9s) por los estadounidenses de la \u00e9poca. Los irlandeses comenzaron a ser considerados blancos m\u00e1s tarde (en el siglo XX) cuando los estadounidenses blancos los asignaron a puestos para controlar y gobernar en representaci\u00f3n suya a otras personas de color. La ense\u00f1anza de este tipo de ejemplos hist\u00f3ricos es muy poco com\u00fan en la mayor\u00eda de escuelas, pero la teor\u00eda cr\u00edtica de la raza sostiene que estos cap\u00edtulos olvidados son muy importantes para entender c\u00f3mo funciona la raza y el racismo, y c\u00f3mo explican nuestra realidad actual. Aquellos que conocen la teor\u00eda cr\u00edtica de la raza tambi\u00e9n se interesan en escuchar las voces silenciadas e ignoradas de las personas en la \u00e9poca actual. Por lo tanto, gran parte de su investigaci\u00f3n se enfoca en hacer que se oigan las voces de las personas de color, las mujeres, los ni\u00f1os y cualquier grupo de personas cuyas historias hayan sido ignoradas.<\/p><h2>\u00bfC\u00f3mo puede contribuir la teor\u00eda cr\u00edtica de la raza en el \u00e1mbito educativo?<\/h2><p>Aunque la teor\u00eda cr\u00edtica de la raza no se ense\u00f1a en las escuelas primarias y secundarias, sus ideas s\u00ed tienen relevancia para las escuelas primarias y secundarias. Por ejemplo, la importancia de escuchar distintas voces y entender la manera en que los sistemas han perpetuado la desigualdad puede mejorar nuestra forma de abordar la historia estadounidense desde la escuela primaria hasta la secundaria. El curr\u00edculo sobre historia estadounidense suele incluir la esclavitud y el Movimiento por los Derechos Civiles, pero excluye muchos otros cap\u00edtulos de nuestra historia que enfatizan la forma en que el racismo fundamental ha estado presente en la formaci\u00f3n y desarrollo de nuestro pa\u00eds. Una perspectiva fundamentada en la teor\u00eda cr\u00edtica de la raza tambi\u00e9n puede ayudar a los maestros y administradores a entender su propio papel en perpetuar la desigualdad mediante pol\u00edticas aparentemente neutrales en t\u00e9rminos de raza. En general, la teor\u00eda cr\u00edtica de la raza puede ayudar a los docentes a entender que la meta de convertir a sus estudiantes en la mejor versi\u00f3n de s\u00ed mismos ser\u00e1 posible al <strong>garantizar de forma intencional y constante que nuestras escuelas est\u00e9n libres de racismo<\/strong>.<\/p>\t\t\t\t\t\t\t\t<\/div>\n\t\t\t\t<\/div>\n\t\t\t\t\t<\/div>\n\t\t<\/div>\n\t\t\t\t\t<\/div>\n\t\t<\/section>\n\t\t\t\t<\/div>\n\t\t","protected":false},"author":7,"featured_media":3706,"parent":0,"menu_order":15,"template":"","meta":[],"categories":[26],"tags":[],"class_list":["post-2436","article","type-article","status-publish","has-post-thumbnail","hentry","category-articulos-para-padres","wpautop"],"acf":[],"yoast_head":"<!-- This site is optimized with the Yoast SEO plugin v18.4.1 - https:\/\/yoast.com\/wordpress\/plugins\/seo\/ -->\n<title>\u00bfA qu\u00e9 se debe la preocupaci\u00f3n de las escuelas por la teor\u00eda cr\u00edtica de la raza?<\/title>\n<meta name=\"description\" content=\"Esta teor\u00eda legal sobre la raza, que ha sido tan malinterpretada a lo largo del tiempo, no est\u00e1 siendo ense\u00f1ada en el aula de tu hijo. Sin embargo, quiz\u00e1s deber\u00eda serlo.\" \/>\n<meta name=\"robots\" content=\"index, follow, max-snippet:-1, max-image-preview:large, max-video-preview:-1\" \/>\n<link rel=\"canonical\" href=\"https:\/\/www.greatschools.org\/gk\/articles\/a-que-se-debe-la-preocupacion-de-las-escuelas-por-la-teoria-critica-de-la-raza\/?lang=es\" \/>\n<meta property=\"og:locale\" content=\"es_ES\" \/>\n<meta property=\"og:type\" content=\"article\" \/>\n<meta property=\"og:title\" content=\"\u00bfA qu\u00e9 se debe la preocupaci\u00f3n de las escuelas por la teor\u00eda cr\u00edtica de la raza?\" \/>\n<meta property=\"og:description\" content=\"Esta teor\u00eda legal sobre la raza, que ha sido tan malinterpretada a lo largo del tiempo, no est\u00e1 siendo ense\u00f1ada en el aula de tu hijo. Sin embargo, quiz\u00e1s deber\u00eda serlo.\" \/>\n<meta property=\"og:url\" content=\"https:\/\/www.greatschools.org\/gk\/articles\/a-que-se-debe-la-preocupacion-de-las-escuelas-por-la-teoria-critica-de-la-raza\/?lang=es\" \/>\n<meta property=\"og:site_name\" content=\"Transforming High School\" \/>\n<meta property=\"article:publisher\" content=\"https:\/\/www.facebook.com\/greatschools\" \/>\n<meta property=\"article:modified_time\" content=\"2022-03-12T19:43:45+00:00\" \/>\n<meta property=\"og:image\" content=\"https:\/\/transforminghighschool.org\/wp-content\/uploads\/2021\/09\/Addressing-race-CRT-3.png\" \/>\n\t<meta property=\"og:image:width\" content=\"1000\" \/>\n\t<meta property=\"og:image:height\" content=\"667\" \/>\n\t<meta property=\"og:image:type\" content=\"image\/png\" \/>\n<meta name=\"twitter:card\" content=\"summary_large_image\" \/>\n<meta name=\"twitter:site\" content=\"@GreatSchools\" \/>\n<meta name=\"twitter:label1\" content=\"Tiempo de lectura\" \/>\n\t<meta name=\"twitter:data1\" content=\"7 minutos\" \/>\n<script type=\"application\/ld+json\" class=\"yoast-schema-graph\">{\"@context\":\"https:\/\/schema.org\",\"@graph\":[{\"@type\":\"WebSite\",\"@id\":\"https:\/\/transforminghighschool.org\/es\/#website\",\"url\":\"https:\/\/transforminghighschool.org\/es\/\",\"name\":\"Transforming High School\",\"description\":\"\",\"potentialAction\":[{\"@type\":\"SearchAction\",\"target\":{\"@type\":\"EntryPoint\",\"urlTemplate\":\"https:\/\/transforminghighschool.org\/es\/?s={search_term_string}\"},\"query-input\":\"required name=search_term_string\"}],\"inLanguage\":\"es\"},{\"@type\":\"ImageObject\",\"@id\":\"https:\/\/www.greatschools.org\/gk\/articles\/a-que-se-debe-la-preocupacion-de-las-escuelas-por-la-teoria-critica-de-la-raza\/?lang=es#primaryimage\",\"inLanguage\":\"es\",\"url\":\"https:\/\/transforminghighschool.org\/wp-content\/uploads\/2021\/09\/Addressing-race-CRT-3.png\",\"contentUrl\":\"https:\/\/transforminghighschool.org\/wp-content\/uploads\/2021\/09\/Addressing-race-CRT-3.png\",\"width\":1000,\"height\":667},{\"@type\":\"WebPage\",\"@id\":\"https:\/\/www.greatschools.org\/gk\/articles\/a-que-se-debe-la-preocupacion-de-las-escuelas-por-la-teoria-critica-de-la-raza\/?lang=es#webpage\",\"url\":\"https:\/\/www.greatschools.org\/gk\/articles\/a-que-se-debe-la-preocupacion-de-las-escuelas-por-la-teoria-critica-de-la-raza\/?lang=es\",\"name\":\"\u00bfA qu\u00e9 se debe la preocupaci\u00f3n de las escuelas por la teor\u00eda cr\u00edtica de la raza?\",\"isPartOf\":{\"@id\":\"https:\/\/transforminghighschool.org\/es\/#website\"},\"primaryImageOfPage\":{\"@id\":\"https:\/\/www.greatschools.org\/gk\/articles\/a-que-se-debe-la-preocupacion-de-las-escuelas-por-la-teoria-critica-de-la-raza\/?lang=es#primaryimage\"},\"datePublished\":\"2021-09-08T21:14:00+00:00\",\"dateModified\":\"2022-03-12T19:43:45+00:00\",\"description\":\"Esta teor\u00eda legal sobre la raza, que ha sido tan malinterpretada a lo largo del tiempo, no est\u00e1 siendo ense\u00f1ada en el aula de tu hijo. Sin embargo, quiz\u00e1s deber\u00eda serlo.\",\"breadcrumb\":{\"@id\":\"https:\/\/www.greatschools.org\/gk\/articles\/a-que-se-debe-la-preocupacion-de-las-escuelas-por-la-teoria-critica-de-la-raza\/?lang=es#breadcrumb\"},\"inLanguage\":\"es\",\"potentialAction\":[{\"@type\":\"ReadAction\",\"target\":[\"https:\/\/www.greatschools.org\/gk\/articles\/a-que-se-debe-la-preocupacion-de-las-escuelas-por-la-teoria-critica-de-la-raza\/?lang=es\"]}]},{\"@type\":\"BreadcrumbList\",\"@id\":\"https:\/\/www.greatschools.org\/gk\/articles\/a-que-se-debe-la-preocupacion-de-las-escuelas-por-la-teoria-critica-de-la-raza\/?lang=es#breadcrumb\",\"itemListElement\":[{\"@type\":\"ListItem\",\"position\":1,\"name\":\"Home\",\"item\":\"https:\/\/transforminghighschool.org\/es\/\"},{\"@type\":\"ListItem\",\"position\":2,\"name\":\"\u00bfA qu\u00e9 se debe la preocupaci\u00f3n de las escuelas por la teor\u00eda cr\u00edtica de la raza?\"}]}]}<\/script>\n<!-- \/ Yoast SEO plugin. -->","yoast_head_json":{"title":"\u00bfA qu\u00e9 se debe la preocupaci\u00f3n de las escuelas por la teor\u00eda cr\u00edtica de la raza?","description":"Esta teor\u00eda legal sobre la raza, que ha sido tan malinterpretada a lo largo del tiempo, no est\u00e1 siendo ense\u00f1ada en el aula de tu hijo. Sin embargo, quiz\u00e1s deber\u00eda serlo.","robots":{"index":"index","follow":"follow","max-snippet":"max-snippet:-1","max-image-preview":"max-image-preview:large","max-video-preview":"max-video-preview:-1"},"canonical":"https:\/\/www.greatschools.org\/gk\/articles\/a-que-se-debe-la-preocupacion-de-las-escuelas-por-la-teoria-critica-de-la-raza\/?lang=es","og_locale":"es_ES","og_type":"article","og_title":"\u00bfA qu\u00e9 se debe la preocupaci\u00f3n de las escuelas por la teor\u00eda cr\u00edtica de la raza?","og_description":"Esta teor\u00eda legal sobre la raza, que ha sido tan malinterpretada a lo largo del tiempo, no est\u00e1 siendo ense\u00f1ada en el aula de tu hijo. Sin embargo, quiz\u00e1s deber\u00eda serlo.","og_url":"https:\/\/www.greatschools.org\/gk\/articles\/a-que-se-debe-la-preocupacion-de-las-escuelas-por-la-teoria-critica-de-la-raza\/?lang=es","og_site_name":"Transforming High School","article_publisher":"https:\/\/www.facebook.com\/greatschools","article_modified_time":"2022-03-12T19:43:45+00:00","og_image":[{"width":1000,"height":667,"url":"https:\/\/transforminghighschool.org\/wp-content\/uploads\/2021\/09\/Addressing-race-CRT-3.png","type":"image\/png"}],"twitter_card":"summary_large_image","twitter_site":"@GreatSchools","twitter_misc":{"Tiempo de lectura":"7 minutos"},"schema":{"@context":"https:\/\/schema.org","@graph":[{"@type":"WebSite","@id":"https:\/\/transforminghighschool.org\/es\/#website","url":"https:\/\/transforminghighschool.org\/es\/","name":"Transforming High School","description":"","potentialAction":[{"@type":"SearchAction","target":{"@type":"EntryPoint","urlTemplate":"https:\/\/transforminghighschool.org\/es\/?s={search_term_string}"},"query-input":"required name=search_term_string"}],"inLanguage":"es"},{"@type":"ImageObject","@id":"https:\/\/www.greatschools.org\/gk\/articles\/a-que-se-debe-la-preocupacion-de-las-escuelas-por-la-teoria-critica-de-la-raza\/?lang=es#primaryimage","inLanguage":"es","url":"https:\/\/transforminghighschool.org\/wp-content\/uploads\/2021\/09\/Addressing-race-CRT-3.png","contentUrl":"https:\/\/transforminghighschool.org\/wp-content\/uploads\/2021\/09\/Addressing-race-CRT-3.png","width":1000,"height":667},{"@type":"WebPage","@id":"https:\/\/www.greatschools.org\/gk\/articles\/a-que-se-debe-la-preocupacion-de-las-escuelas-por-la-teoria-critica-de-la-raza\/?lang=es#webpage","url":"https:\/\/www.greatschools.org\/gk\/articles\/a-que-se-debe-la-preocupacion-de-las-escuelas-por-la-teoria-critica-de-la-raza\/?lang=es","name":"\u00bfA qu\u00e9 se debe la preocupaci\u00f3n de las escuelas por la teor\u00eda cr\u00edtica de la raza?","isPartOf":{"@id":"https:\/\/transforminghighschool.org\/es\/#website"},"primaryImageOfPage":{"@id":"https:\/\/www.greatschools.org\/gk\/articles\/a-que-se-debe-la-preocupacion-de-las-escuelas-por-la-teoria-critica-de-la-raza\/?lang=es#primaryimage"},"datePublished":"2021-09-08T21:14:00+00:00","dateModified":"2022-03-12T19:43:45+00:00","description":"Esta teor\u00eda legal sobre la raza, que ha sido tan malinterpretada a lo largo del tiempo, no est\u00e1 siendo ense\u00f1ada en el aula de tu hijo. Sin embargo, quiz\u00e1s deber\u00eda serlo.","breadcrumb":{"@id":"https:\/\/www.greatschools.org\/gk\/articles\/a-que-se-debe-la-preocupacion-de-las-escuelas-por-la-teoria-critica-de-la-raza\/?lang=es#breadcrumb"},"inLanguage":"es","potentialAction":[{"@type":"ReadAction","target":["https:\/\/www.greatschools.org\/gk\/articles\/a-que-se-debe-la-preocupacion-de-las-escuelas-por-la-teoria-critica-de-la-raza\/?lang=es"]}]},{"@type":"BreadcrumbList","@id":"https:\/\/www.greatschools.org\/gk\/articles\/a-que-se-debe-la-preocupacion-de-las-escuelas-por-la-teoria-critica-de-la-raza\/?lang=es#breadcrumb","itemListElement":[{"@type":"ListItem","position":1,"name":"Home","item":"https:\/\/transforminghighschool.org\/es\/"},{"@type":"ListItem","position":2,"name":"\u00bfA qu\u00e9 se debe la preocupaci\u00f3n de las escuelas por la teor\u00eda cr\u00edtica de la raza?"}]}]}},"_links":{"self":[{"href":"https:\/\/transforminghighschool.org\/es\/wp-json\/wp\/v2\/article\/2436","targetHints":{"allow":["GET"]}}],"collection":[{"href":"https:\/\/transforminghighschool.org\/es\/wp-json\/wp\/v2\/article"}],"about":[{"href":"https:\/\/transforminghighschool.org\/es\/wp-json\/wp\/v2\/types\/article"}],"author":[{"embeddable":true,"href":"https:\/\/transforminghighschool.org\/es\/wp-json\/wp\/v2\/users\/7"}],"version-history":[{"count":0,"href":"https:\/\/transforminghighschool.org\/es\/wp-json\/wp\/v2\/article\/2436\/revisions"}],"wp:featuredmedia":[{"embeddable":true,"href":"https:\/\/transforminghighschool.org\/es\/wp-json\/wp\/v2\/media\/3706"}],"wp:attachment":[{"href":"https:\/\/transforminghighschool.org\/es\/wp-json\/wp\/v2\/media?parent=2436"}],"wp:term":[{"taxonomy":"category","embeddable":true,"href":"https:\/\/transforminghighschool.org\/es\/wp-json\/wp\/v2\/categories?post=2436"},{"taxonomy":"post_tag","embeddable":true,"href":"https:\/\/transforminghighschool.org\/es\/wp-json\/wp\/v2\/tags?post=2436"}],"curies":[{"name":"wp","href":"https:\/\/api.w.org\/{rel}","templated":true}]}}